{"id":281,"date":"2021-02-25T16:11:08","date_gmt":"2021-02-25T16:11:08","guid":{"rendered":"https:\/\/www.lenovocontenthub.com\/br\/?p=281"},"modified":"2023-10-31T18:29:59","modified_gmt":"2023-10-31T18:29:59","slug":"case-metro-de-quito-e-lenovo","status":"publish","type":"post","link":"https:\/\/www.lenovocontenthub.com\/br\/case-metro-de-quito-e-lenovo\/","title":{"rendered":"Como a Lenovo ajudou a revolucionar o transporte p\u00fablico de Quito, a capital do Equador"},"content":{"rendered":"<h2>O maior projeto de mobilidade da hist\u00f3ria de Quito<\/h2>\n<div id=\"textAfterForm\" class=\"mktoText\">\n<p>A Empresa P\u00fablica Metropolitana Metr\u00f4 de Quito (EPMMQ) realizou o maior projeto de mobilidade urbana da hist\u00f3ria de Quito. A Linha 1 do Metr\u00f4 de Quito dever\u00e1 transportar 400 mil passageiros por dia, permitindo que esses possam viajar at\u00e9 22 quil\u00f4metros em apenas 34 minutos.<\/p>\n<p>O novo servi\u00e7o de transporte p\u00fablico diminuir\u00e1 o congestionamento e a polui\u00e7\u00e3o, melhorando a experi\u00eancia dos cidad\u00e3os e reduzindo seu tempo de viagem. A diminui\u00e7\u00e3o da depend\u00eancia de combust\u00edveis e o desenvolvimento urbano s\u00e3o outros benef\u00edcios do projeto.<\/p>\n<div class=\"row\">\n<div class=\"col-md-5 col-md-offset-6\">\n<h2>O desafio<\/h2>\n<\/div>\n<\/div>\n<div class=\"row\">\n<div class=\"col-md-6 col-md-offset-6\">\n<div id=\"textAbout\" class=\"mktoText\">\n<p>A EPMMQ iniciou uma atualiza\u00e7\u00e3o tecnol\u00f3gica, buscando simplificar sua infraestrutura e aliviar a carga administrativa da sua equipe de TI.<\/p>\n<p>A organiza\u00e7\u00e3o come\u00e7ou a procurar pela solu\u00e7\u00e3o ideal para alimentar seus aplicativos de neg\u00f3cio de miss\u00e3o cr\u00edtica.<\/p>\n<p>E foi a\u00ed que entrou a Lenovo.<\/p>\n<h2>A solu\u00e7\u00e3o<\/h2>\n<p>A EPMMQ escolheu a solu\u00e7\u00e3o ThinkAgile HX, com os processadores escal\u00e1veis Intel\u00ae Xeon\u00ae de segunda gera\u00e7\u00e3o, para apoiar um novo sistema de transporte de massa para a cidade.<\/p>\n<p>Saiba como a organiza\u00e7\u00e3o conseguiu simplificar seu gerenciamento de TI, com maior visibilidade de seus recursos, liberando mais tempo para inova\u00e7\u00e3o.<\/p>\n<\/div>\n<\/div>\n<\/div>\n<\/div>\n","protected":false},"excerpt":{"rendered":"<p>Receba este material gratuitamente<\/p>\n","protected":false},"author":4,"featured_media":893,"comment_status":"open","ping_status":"open","sticky":false,"template":"","format":"standard","meta":{"footnotes":""},"categories":[26,37,20,14,27,31,19,33],"tags":[],"class_list":["post-281","post","type-post","status-publish","format-standard","has-post-thumbnail","hentry","category-aliancas","category-case","category-hybrid-cloud-hci","category-infra-modernization","category-intel","category-nutanix","category-solucao","category-tipo-do-material"],"acf":[],"yoast_head":"<!-- This site is optimized with the Yoast SEO plugin v27.2 - https:\/\/yoast.com\/product\/yoast-seo-wordpress\/ -->\n<title>O maior projeto de mobilidade da hist\u00f3ria de Quito<\/title>\n<meta name=\"description\" content=\"Como a Lenovo ajudou a revolucionar o transporte p\u00fablico de Quito, a capital do Equador\" \/>\n<meta name=\"robots\" content=\"index, follow, max-snippet:-1, max-image-preview:large, max-video-preview:-1\" \/>\n<link rel=\"canonical\" href=\"https:\/\/www.lenovocontenthub.com\/br\/case-metro-de-quito-e-lenovo\/\" \/>\n<meta property=\"og:locale\" content=\"pt_BR\" \/>\n<meta property=\"og:type\" content=\"article\" \/>\n<meta property=\"og:title\" content=\"O maior projeto de mobilidade da hist\u00f3ria de Quito\" \/>\n<meta property=\"og:description\" content=\"Como a Lenovo ajudou a revolucionar o transporte p\u00fablico de Quito, a capital do Equador\" \/>\n<meta property=\"og:url\" content=\"https:\/\/www.lenovocontenthub.com\/br\/case-metro-de-quito-e-lenovo\/\" \/>\n<meta property=\"og:site_name\" content=\"Lenovo Content Hub\" \/>\n<meta property=\"article:published_time\" content=\"2021-02-25T16:11:08+00:00\" \/>\n<meta property=\"article:modified_time\" content=\"2023-10-31T18:29:59+00:00\" \/>\n<meta property=\"og:image\" content=\"https:\/\/www.lenovocontenthub.com\/br\/wp-content\/uploads\/2023\/09\/case_metro_quito.png\" \/>\n\t<meta property=\"og:image:width\" content=\"1920\" \/>\n\t<meta property=\"og:image:height\" content=\"900\" \/>\n\t<meta property=\"og:image:type\" content=\"image\/png\" \/>\n<meta name=\"author\" content=\"Thiago Simon\" \/>\n<meta name=\"twitter:card\" content=\"summary_large_image\" \/>\n<meta name=\"twitter:label1\" content=\"Escrito por\" \/>\n\t<meta name=\"twitter:data1\" content=\"Thiago Simon\" \/>\n\t<meta name=\"twitter:label2\" content=\"Est. tempo de leitura\" \/>\n\t<meta name=\"twitter:data2\" content=\"2 minutos\" \/>\n<script type=\"application\/ld+json\" class=\"yoast-schema-graph\">{\"@context\":\"https:\/\/schema.org\",\"@graph\":[{\"@type\":\"Article\",\"@id\":\"https:\/\/www.lenovocontenthub.com\/br\/case-metro-de-quito-e-lenovo\/#article\",\"isPartOf\":{\"@id\":\"https:\/\/www.lenovocontenthub.com\/br\/case-metro-de-quito-e-lenovo\/\"},\"author\":{\"name\":\"Thiago Simon\",\"@id\":\"https:\/\/www.lenovocontenthub.com\/br\/#\/schema\/person\/2f4a3a92f0d9fb4b20300e04e2997fe9\"},\"headline\":\"Como a Lenovo ajudou a revolucionar o transporte p\u00fablico de Quito, a capital do Equador\",\"datePublished\":\"2021-02-25T16:11:08+00:00\",\"dateModified\":\"2023-10-31T18:29:59+00:00\",\"mainEntityOfPage\":{\"@id\":\"https:\/\/www.lenovocontenthub.com\/br\/case-metro-de-quito-e-lenovo\/\"},\"wordCount\":229,\"commentCount\":0,\"image\":{\"@id\":\"https:\/\/www.lenovocontenthub.com\/br\/case-metro-de-quito-e-lenovo\/#primaryimage\"},\"thumbnailUrl\":\"https:\/\/www.lenovocontenthub.com\/br\/wp-content\/uploads\/2023\/09\/case_metro_quito.png\",\"articleSection\":[\"Alian\u00e7as\",\"Case\",\"Hybrid Cloud\",\"Infra Modernization\",\"Intel\",\"Nutanix\",\"Solu\u00e7\u00e3o\",\"Tipo do Material\"],\"inLanguage\":\"pt-BR\",\"potentialAction\":[{\"@type\":\"CommentAction\",\"name\":\"Comment\",\"target\":[\"https:\/\/www.lenovocontenthub.com\/br\/case-metro-de-quito-e-lenovo\/#respond\"]}]},{\"@type\":\"WebPage\",\"@id\":\"https:\/\/www.lenovocontenthub.com\/br\/case-metro-de-quito-e-lenovo\/\",\"url\":\"https:\/\/www.lenovocontenthub.com\/br\/case-metro-de-quito-e-lenovo\/\",\"name\":\"O maior projeto de mobilidade da hist\u00f3ria de Quito\",\"isPartOf\":{\"@id\":\"https:\/\/www.lenovocontenthub.com\/br\/#website\"},\"primaryImageOfPage\":{\"@id\":\"https:\/\/www.lenovocontenthub.com\/br\/case-metro-de-quito-e-lenovo\/#primaryimage\"},\"image\":{\"@id\":\"https:\/\/www.lenovocontenthub.com\/br\/case-metro-de-quito-e-lenovo\/#primaryimage\"},\"thumbnailUrl\":\"https:\/\/www.lenovocontenthub.com\/br\/wp-content\/uploads\/2023\/09\/case_metro_quito.png\",\"datePublished\":\"2021-02-25T16:11:08+00:00\",\"dateModified\":\"2023-10-31T18:29:59+00:00\",\"author\":{\"@id\":\"https:\/\/www.lenovocontenthub.com\/br\/#\/schema\/person\/2f4a3a92f0d9fb4b20300e04e2997fe9\"},\"description\":\"Como a Lenovo ajudou a revolucionar o transporte p\u00fablico de Quito, a capital do Equador\",\"breadcrumb\":{\"@id\":\"https:\/\/www.lenovocontenthub.com\/br\/case-metro-de-quito-e-lenovo\/#breadcrumb\"},\"inLanguage\":\"pt-BR\",\"potentialAction\":[{\"@type\":\"ReadAction\",\"target\":[\"https:\/\/www.lenovocontenthub.com\/br\/case-metro-de-quito-e-lenovo\/\"]}]},{\"@type\":\"ImageObject\",\"inLanguage\":\"pt-BR\",\"@id\":\"https:\/\/www.lenovocontenthub.com\/br\/case-metro-de-quito-e-lenovo\/#primaryimage\",\"url\":\"https:\/\/www.lenovocontenthub.com\/br\/wp-content\/uploads\/2023\/09\/case_metro_quito.png\",\"contentUrl\":\"https:\/\/www.lenovocontenthub.com\/br\/wp-content\/uploads\/2023\/09\/case_metro_quito.png\",\"width\":1920,\"height\":900},{\"@type\":\"BreadcrumbList\",\"@id\":\"https:\/\/www.lenovocontenthub.com\/br\/case-metro-de-quito-e-lenovo\/#breadcrumb\",\"itemListElement\":[{\"@type\":\"ListItem\",\"position\":1,\"name\":\"Home\",\"item\":\"https:\/\/www.lenovocontenthub.com\/br\/\"},{\"@type\":\"ListItem\",\"position\":2,\"name\":\"Como a Lenovo ajudou a revolucionar o transporte p\u00fablico de Quito, a capital do Equador\"}]},{\"@type\":\"WebSite\",\"@id\":\"https:\/\/www.lenovocontenthub.com\/br\/#website\",\"url\":\"https:\/\/www.lenovocontenthub.com\/br\/\",\"name\":\"Lenovo Content Hub\",\"description\":\"Leia conte\u00fados sobre Edge, IA, IaaS, HCI e muito mais, organizados em um \u00fanico lugar, de um jeito f\u00e1cil e din\u00e2mico. Acesse agora o Content Hub da Lenovo.\",\"potentialAction\":[{\"@type\":\"SearchAction\",\"target\":{\"@type\":\"EntryPoint\",\"urlTemplate\":\"https:\/\/www.lenovocontenthub.com\/br\/?s={search_term_string}\"},\"query-input\":{\"@type\":\"PropertyValueSpecification\",\"valueRequired\":true,\"valueName\":\"search_term_string\"}}],\"inLanguage\":\"pt-BR\"},{\"@type\":\"Person\",\"@id\":\"https:\/\/www.lenovocontenthub.com\/br\/#\/schema\/person\/2f4a3a92f0d9fb4b20300e04e2997fe9\",\"name\":\"Thiago Simon\",\"image\":{\"@type\":\"ImageObject\",\"inLanguage\":\"pt-BR\",\"@id\":\"https:\/\/secure.gravatar.com\/avatar\/2daba2fbe6ed5ae6ab100ce9862e2e4eec557dec701c05d219d6fcc9d977f68a?s=96&d=mm&r=g\",\"url\":\"https:\/\/secure.gravatar.com\/avatar\/2daba2fbe6ed5ae6ab100ce9862e2e4eec557dec701c05d219d6fcc9d977f68a?s=96&d=mm&r=g\",\"contentUrl\":\"https:\/\/secure.gravatar.com\/avatar\/2daba2fbe6ed5ae6ab100ce9862e2e4eec557dec701c05d219d6fcc9d977f68a?s=96&d=mm&r=g\",\"caption\":\"Thiago Simon\"},\"url\":\"https:\/\/www.lenovocontenthub.com\/br\/author\/thiago\/\"}]}<\/script>\n<!-- \/ Yoast SEO plugin. -->","yoast_head_json":{"title":"O maior projeto de mobilidade da hist\u00f3ria de Quito","description":"Como a Lenovo ajudou a revolucionar o transporte p\u00fablico de Quito, a capital do Equador","robots":{"index":"index","follow":"follow","max-snippet":"max-snippet:-1","max-image-preview":"max-image-preview:large","max-video-preview":"max-video-preview:-1"},"canonical":"https:\/\/www.lenovocontenthub.com\/br\/case-metro-de-quito-e-lenovo\/","og_locale":"pt_BR","og_type":"article","og_title":"O maior projeto de mobilidade da hist\u00f3ria de Quito","og_description":"Como a Lenovo ajudou a revolucionar o transporte p\u00fablico de Quito, a capital do Equador","og_url":"https:\/\/www.lenovocontenthub.com\/br\/case-metro-de-quito-e-lenovo\/","og_site_name":"Lenovo Content Hub","article_published_time":"2021-02-25T16:11:08+00:00","article_modified_time":"2023-10-31T18:29:59+00:00","og_image":[{"width":1920,"height":900,"url":"https:\/\/www.lenovocontenthub.com\/br\/wp-content\/uploads\/2023\/09\/case_metro_quito.png","type":"image\/png"}],"author":"Thiago Simon","twitter_card":"summary_large_image","twitter_misc":{"Escrito por":"Thiago Simon","Est. tempo de leitura":"2 minutos"},"schema":{"@context":"https:\/\/schema.org","@graph":[{"@type":"Article","@id":"https:\/\/www.lenovocontenthub.com\/br\/case-metro-de-quito-e-lenovo\/#article","isPartOf":{"@id":"https:\/\/www.lenovocontenthub.com\/br\/case-metro-de-quito-e-lenovo\/"},"author":{"name":"Thiago Simon","@id":"https:\/\/www.lenovocontenthub.com\/br\/#\/schema\/person\/2f4a3a92f0d9fb4b20300e04e2997fe9"},"headline":"Como a Lenovo ajudou a revolucionar o transporte p\u00fablico de Quito, a capital do Equador","datePublished":"2021-02-25T16:11:08+00:00","dateModified":"2023-10-31T18:29:59+00:00","mainEntityOfPage":{"@id":"https:\/\/www.lenovocontenthub.com\/br\/case-metro-de-quito-e-lenovo\/"},"wordCount":229,"commentCount":0,"image":{"@id":"https:\/\/www.lenovocontenthub.com\/br\/case-metro-de-quito-e-lenovo\/#primaryimage"},"thumbnailUrl":"https:\/\/www.lenovocontenthub.com\/br\/wp-content\/uploads\/2023\/09\/case_metro_quito.png","articleSection":["Alian\u00e7as","Case","Hybrid Cloud","Infra Modernization","Intel","Nutanix","Solu\u00e7\u00e3o","Tipo do Material"],"inLanguage":"pt-BR","potentialAction":[{"@type":"CommentAction","name":"Comment","target":["https:\/\/www.lenovocontenthub.com\/br\/case-metro-de-quito-e-lenovo\/#respond"]}]},{"@type":"WebPage","@id":"https:\/\/www.lenovocontenthub.com\/br\/case-metro-de-quito-e-lenovo\/","url":"https:\/\/www.lenovocontenthub.com\/br\/case-metro-de-quito-e-lenovo\/","name":"O maior projeto de mobilidade da hist\u00f3ria de Quito","isPartOf":{"@id":"https:\/\/www.lenovocontenthub.com\/br\/#website"},"primaryImageOfPage":{"@id":"https:\/\/www.lenovocontenthub.com\/br\/case-metro-de-quito-e-lenovo\/#primaryimage"},"image":{"@id":"https:\/\/www.lenovocontenthub.com\/br\/case-metro-de-quito-e-lenovo\/#primaryimage"},"thumbnailUrl":"https:\/\/www.lenovocontenthub.com\/br\/wp-content\/uploads\/2023\/09\/case_metro_quito.png","datePublished":"2021-02-25T16:11:08+00:00","dateModified":"2023-10-31T18:29:59+00:00","author":{"@id":"https:\/\/www.lenovocontenthub.com\/br\/#\/schema\/person\/2f4a3a92f0d9fb4b20300e04e2997fe9"},"description":"Como a Lenovo ajudou a revolucionar o transporte p\u00fablico de Quito, a capital do Equador","breadcrumb":{"@id":"https:\/\/www.lenovocontenthub.com\/br\/case-metro-de-quito-e-lenovo\/#breadcrumb"},"inLanguage":"pt-BR","potentialAction":[{"@type":"ReadAction","target":["https:\/\/www.lenovocontenthub.com\/br\/case-metro-de-quito-e-lenovo\/"]}]},{"@type":"ImageObject","inLanguage":"pt-BR","@id":"https:\/\/www.lenovocontenthub.com\/br\/case-metro-de-quito-e-lenovo\/#primaryimage","url":"https:\/\/www.lenovocontenthub.com\/br\/wp-content\/uploads\/2023\/09\/case_metro_quito.png","contentUrl":"https:\/\/www.lenovocontenthub.com\/br\/wp-content\/uploads\/2023\/09\/case_metro_quito.png","width":1920,"height":900},{"@type":"BreadcrumbList","@id":"https:\/\/www.lenovocontenthub.com\/br\/case-metro-de-quito-e-lenovo\/#breadcrumb","itemListElement":[{"@type":"ListItem","position":1,"name":"Home","item":"https:\/\/www.lenovocontenthub.com\/br\/"},{"@type":"ListItem","position":2,"name":"Como a Lenovo ajudou a revolucionar o transporte p\u00fablico de Quito, a capital do Equador"}]},{"@type":"WebSite","@id":"https:\/\/www.lenovocontenthub.com\/br\/#website","url":"https:\/\/www.lenovocontenthub.com\/br\/","name":"Lenovo Content Hub","description":"Leia conte\u00fados sobre Edge, IA, IaaS, HCI e muito mais, organizados em um \u00fanico lugar, de um jeito f\u00e1cil e din\u00e2mico. Acesse agora o Content Hub da Lenovo.","potentialAction":[{"@type":"SearchAction","target":{"@type":"EntryPoint","urlTemplate":"https:\/\/www.lenovocontenthub.com\/br\/?s={search_term_string}"},"query-input":{"@type":"PropertyValueSpecification","valueRequired":true,"valueName":"search_term_string"}}],"inLanguage":"pt-BR"},{"@type":"Person","@id":"https:\/\/www.lenovocontenthub.com\/br\/#\/schema\/person\/2f4a3a92f0d9fb4b20300e04e2997fe9","name":"Thiago Simon","image":{"@type":"ImageObject","inLanguage":"pt-BR","@id":"https:\/\/secure.gravatar.com\/avatar\/2daba2fbe6ed5ae6ab100ce9862e2e4eec557dec701c05d219d6fcc9d977f68a?s=96&d=mm&r=g","url":"https:\/\/secure.gravatar.com\/avatar\/2daba2fbe6ed5ae6ab100ce9862e2e4eec557dec701c05d219d6fcc9d977f68a?s=96&d=mm&r=g","contentUrl":"https:\/\/secure.gravatar.com\/avatar\/2daba2fbe6ed5ae6ab100ce9862e2e4eec557dec701c05d219d6fcc9d977f68a?s=96&d=mm&r=g","caption":"Thiago Simon"},"url":"https:\/\/www.lenovocontenthub.com\/br\/author\/thiago\/"}]}},"_links":{"self":[{"href":"https:\/\/www.lenovocontenthub.com\/br\/wp-json\/wp\/v2\/posts\/281","targetHints":{"allow":["GET"]}}],"collection":[{"href":"https:\/\/www.lenovocontenthub.com\/br\/wp-json\/wp\/v2\/posts"}],"about":[{"href":"https:\/\/www.lenovocontenthub.com\/br\/wp-json\/wp\/v2\/types\/post"}],"author":[{"embeddable":true,"href":"https:\/\/www.lenovocontenthub.com\/br\/wp-json\/wp\/v2\/users\/4"}],"replies":[{"embeddable":true,"href":"https:\/\/www.lenovocontenthub.com\/br\/wp-json\/wp\/v2\/comments?post=281"}],"version-history":[{"count":5,"href":"https:\/\/www.lenovocontenthub.com\/br\/wp-json\/wp\/v2\/posts\/281\/revisions"}],"predecessor-version":[{"id":1159,"href":"https:\/\/www.lenovocontenthub.com\/br\/wp-json\/wp\/v2\/posts\/281\/revisions\/1159"}],"wp:featuredmedia":[{"embeddable":true,"href":"https:\/\/www.lenovocontenthub.com\/br\/wp-json\/wp\/v2\/media\/893"}],"wp:attachment":[{"href":"https:\/\/www.lenovocontenthub.com\/br\/wp-json\/wp\/v2\/media?parent=281"}],"wp:term":[{"taxonomy":"category","embeddable":true,"href":"https:\/\/www.lenovocontenthub.com\/br\/wp-json\/wp\/v2\/categories?post=281"},{"taxonomy":"post_tag","embeddable":true,"href":"https:\/\/www.lenovocontenthub.com\/br\/wp-json\/wp\/v2\/tags?post=281"}],"curies":[{"name":"wp","href":"https:\/\/api.w.org\/{rel}","templated":true}]}}